{"id":31158,"date":"2026-04-27T17:08:59","date_gmt":"2026-04-27T17:08:59","guid":{"rendered":"https:\/\/semanasmusicales.cl\/?p=31158"},"modified":"2026-04-27T17:16:26","modified_gmt":"2026-04-27T17:16:26","slug":"frutillar-cerro-con-concierto-la-clinica-musical-fach-tras-una-semana-de-formacion-e-intervenciones-en-la-comunidad","status":"publish","type":"post","link":"https:\/\/semanasmusicales.cl\/index.php\/2026\/04\/27\/frutillar-cerro-con-concierto-la-clinica-musical-fach-tras-una-semana-de-formacion-e-intervenciones-en-la-comunidad\/","title":{"rendered":"Frutillar cerr\u00f3 con concierto la \u201cCl\u00ednica Musical FACH\u201d tras una semana de formaci\u00f3n e intervenciones en la comunidad"},"content":{"rendered":"\t\t<div data-elementor-type=\"wp-post\" data-elementor-id=\"31158\" class=\"elementor elementor-31158\" data-elementor-post-type=\"post\">\n\t\t\t\t\t\t<section class=\"elementor-section elementor-top-section elementor-element elementor-element-5d01d4d elementor-section-height-min-height elementor-section-items-bottom elementor-section-boxed elementor-section-height-default\" data-id=\"5d01d4d\" data-element_type=\"section\" data-settings=\"{&quot;background_background&quot;:&quot;classic&quot;}\">\n\t\t\t\t\t\t\t<div class=\"elementor-background-overlay\"><\/div>\n\t\t\t\t\t\t\t<div class=\"elementor-container elementor-column-gap-wider\">\n\t\t\t\t\t<div class=\"elementor-column elementor-col-100 elementor-top-column elementor-element elementor-element-dbdfe5f\" data-id=\"dbdfe5f\" data-element_type=\"column\">\n\t\t\t<div class=\"elementor-widget-wrap elementor-element-populated\">\n\t\t\t\t\t\t<section class=\"elementor-section elementor-inner-section elementor-element elementor-element-b41d183 elementor-section-boxed elementor-section-height-default elementor-section-height-default\" data-id=\"b41d183\" data-element_type=\"section\">\n\t\t\t\t\t\t<div class=\"elementor-container elementor-column-gap-no\">\n\t\t\t\t\t<div class=\"elementor-column elementor-col-100 elementor-inner-column elementor-element elementor-element-de9ee03\" data-id=\"de9ee03\" data-element_type=\"column\">\n\t\t\t<div class=\"elementor-widget-wrap elementor-element-populated\">\n\t\t\t\t\t\t<div class=\"elementor-element elementor-element-fe2bf15 elementor-widget__width-initial elementor-widget elementor-widget-text-editor\" data-id=\"fe2bf15\" data-element_type=\"widget\" data-widget_type=\"text-editor.default\">\n\t\t\t\t<div class=\"elementor-widget-container\">\n\t\t\t\t\t\t\t\t\t<p><strong>Frutillar cerr\u00f3 con concierto la \u201cCl\u00ednica Musical FACH\u201d tras una semana de formaci\u00f3n e intervenciones en la comunidad<\/strong><\/p>\t\t\t\t\t\t\t\t<\/div>\n\t\t\t\t<\/div>\n\t\t\t\t<div class=\"elementor-element elementor-element-7f3f9f3 elementor-widget-divider--view-line elementor-invisible elementor-widget elementor-widget-divider\" data-id=\"7f3f9f3\" data-element_type=\"widget\" data-settings=\"{&quot;_animation&quot;:&quot;fadeInLeft&quot;,&quot;_animation_delay&quot;:200}\" data-widget_type=\"divider.default\">\n\t\t\t\t<div class=\"elementor-widget-container\">\n\t\t\t\t\t\t\t<div class=\"elementor-divider\">\n\t\t\t<span class=\"elementor-divider-separator\">\n\t\t\t\t\t\t<\/span>\n\t\t<\/div>\n\t\t\t\t\t\t<\/div>\n\t\t\t\t<\/div>\n\t\t\t\t<div class=\"elementor-element elementor-element-c266518 elementor-align-left elementor-widget__width-auto elementor-widget elementor-widget-post-info\" data-id=\"c266518\" data-element_type=\"widget\" data-widget_type=\"post-info.default\">\n\t\t\t\t<div class=\"elementor-widget-container\">\n\t\t\t\t\t\t\t<ul class=\"elementor-inline-items elementor-icon-list-items elementor-post-info\">\n\t\t\t\t\t\t\t\t<li class=\"elementor-icon-list-item elementor-repeater-item-961e906 elementor-inline-item\" itemprop=\"author\">\n\t\t\t\t\t\t<a href=\"https:\/\/semanasmusicales.cl\/index.php\/author\/admin\/\">\n\t\t\t\t\t\t\t\t\t\t\t<span class=\"elementor-icon-list-icon\">\n\t\t\t\t\t\t\t\t<img decoding=\"async\" class=\"elementor-avatar\" src=\"https:\/\/secure.gravatar.com\/avatar\/4997ebc5a604b3354089d461d647e9eab2d0d89e8beb15fb6b07866d7c578a77?s=96&amp;d=mm&amp;r=g\" alt=\"Picture of admin\" loading=\"lazy\">\n\t\t\t\t\t\t\t<\/span>\n\t\t\t\t\t\t\t\t\t<span class=\"elementor-icon-list-text elementor-post-info__item elementor-post-info__item--type-author\">\n\t\t\t\t\t\t\t\t\t\tadmin\t\t\t\t\t<\/span>\n\t\t\t\t\t\t\t\t\t<\/a>\n\t\t\t\t<\/li>\n\t\t\t\t<\/ul>\n\t\t\t\t\t\t<\/div>\n\t\t\t\t<\/div>\n\t\t\t\t<div class=\"elementor-element elementor-element-e18fcfb elementor-align-left elementor-widget__width-auto elementor-mobile-align-center elementor-widget elementor-widget-post-info\" data-id=\"e18fcfb\" data-element_type=\"widget\" data-widget_type=\"post-info.default\">\n\t\t\t\t<div class=\"elementor-widget-container\">\n\t\t\t\t\t\t\t<ul class=\"elementor-inline-items elementor-icon-list-items elementor-post-info\">\n\t\t\t\t\t\t\t\t<li class=\"elementor-icon-list-item elementor-repeater-item-fdd8a66 elementor-inline-item\" itemprop=\"datePublished\">\n\t\t\t\t\t\t<a href=\"https:\/\/semanasmusicales.cl\/index.php\/2026\/04\/27\/\">\n\t\t\t\t\t\t\t\t\t\t\t<span class=\"elementor-icon-list-icon\">\n\t\t\t\t\t\t\t\t<svg aria-hidden=\"true\" class=\"e-font-icon-svg e-fas-calendar\" viewBox=\"0 0 448 512\" xmlns=\"http:\/\/www.w3.org\/2000\/svg\"><path d=\"M12 192h424c6.6 0 12 5.4 12 12v260c0 26.5-21.5 48-48 48H48c-26.5 0-48-21.5-48-48V204c0-6.6 5.4-12 12-12zm436-44v-36c0-26.5-21.5-48-48-48h-48V12c0-6.6-5.4-12-12-12h-40c-6.6 0-12 5.4-12 12v52H160V12c0-6.6-5.4-12-12-12h-40c-6.6 0-12 5.4-12 12v52H48C21.5 64 0 85.5 0 112v36c0 6.6 5.4 12 12 12h424c6.6 0 12-5.4 12-12z\"><\/path><\/svg>\t\t\t\t\t\t\t<\/span>\n\t\t\t\t\t\t\t\t\t<span class=\"elementor-icon-list-text elementor-post-info__item elementor-post-info__item--type-date\">\n\t\t\t\t\t\t\t\t\t\t<time>Abril 27, 2026<\/time>\t\t\t\t\t<\/span>\n\t\t\t\t\t\t\t\t\t<\/a>\n\t\t\t\t<\/li>\n\t\t\t\t<li class=\"elementor-icon-list-item elementor-repeater-item-8c1d197 elementor-inline-item\" itemprop=\"about\">\n\t\t\t\t\t\t\t\t\t\t<span class=\"elementor-icon-list-icon\">\n\t\t\t\t\t\t\t\t<svg aria-hidden=\"true\" class=\"e-font-icon-svg e-fas-tags\" viewBox=\"0 0 640 512\" xmlns=\"http:\/\/www.w3.org\/2000\/svg\"><path d=\"M497.941 225.941L286.059 14.059A48 48 0 0 0 252.118 0H48C21.49 0 0 21.49 0 48v204.118a48 48 0 0 0 14.059 33.941l211.882 211.882c18.744 18.745 49.136 18.746 67.882 0l204.118-204.118c18.745-18.745 18.745-49.137 0-67.882zM112 160c-26.51 0-48-21.49-48-48s21.49-48 48-48 48 21.49 48 48-21.49 48-48 48zm513.941 133.823L421.823 497.941c-18.745 18.745-49.137 18.745-67.882 0l-.36-.36L527.64 323.522c16.999-16.999 26.36-39.6 26.36-63.64s-9.362-46.641-26.36-63.64L331.397 0h48.721a48 48 0 0 1 33.941 14.059l211.882 211.882c18.745 18.745 18.745 49.137 0 67.882z\"><\/path><\/svg>\t\t\t\t\t\t\t<\/span>\n\t\t\t\t\t\t\t\t\t<span class=\"elementor-icon-list-text elementor-post-info__item elementor-post-info__item--type-terms\">\n\t\t\t\t\t\t\t\t\t\t<span class=\"elementor-post-info__terms-list\">\n\t\t\t\t<a href=\"https:\/\/semanasmusicales.cl\/index.php\/category\/2026\/\" class=\"elementor-post-info__terms-list-item\">2026<\/a>, <a href=\"https:\/\/semanasmusicales.cl\/index.php\/category\/temporada-2026\/\" class=\"elementor-post-info__terms-list-item\">Temporada 2026<\/a>\t\t\t\t<\/span>\n\t\t\t\t\t<\/span>\n\t\t\t\t\t\t\t\t<\/li>\n\t\t\t\t<li class=\"elementor-icon-list-item elementor-repeater-item-8ce10df elementor-inline-item\" itemprop=\"commentCount\">\n\t\t\t\t\t\t<a href=\"https:\/\/semanasmusicales.cl\/index.php\/2026\/04\/27\/frutillar-cerro-con-concierto-la-clinica-musical-fach-tras-una-semana-de-formacion-e-intervenciones-en-la-comunidad\/#respond\">\n\t\t\t\t\t\t\t\t\t\t\t<span class=\"elementor-icon-list-icon\">\n\t\t\t\t\t\t\t\t<svg aria-hidden=\"true\" class=\"e-font-icon-svg e-far-comment-dots\" viewBox=\"0 0 512 512\" xmlns=\"http:\/\/www.w3.org\/2000\/svg\"><path d=\"M144 208c-17.7 0-32 14.3-32 32s14.3 32 32 32 32-14.3 32-32-14.3-32-32-32zm112 0c-17.7 0-32 14.3-32 32s14.3 32 32 32 32-14.3 32-32-14.3-32-32-32zm112 0c-17.7 0-32 14.3-32 32s14.3 32 32 32 32-14.3 32-32-14.3-32-32-32zM256 32C114.6 32 0 125.1 0 240c0 47.6 19.9 91.2 52.9 126.3C38 405.7 7 439.1 6.5 439.5c-6.6 7-8.4 17.2-4.6 26S14.4 480 24 480c61.5 0 110-25.7 139.1-46.3C192 442.8 223.2 448 256 448c141.4 0 256-93.1 256-208S397.4 32 256 32zm0 368c-26.7 0-53.1-4.1-78.4-12.1l-22.7-7.2-19.5 13.8c-14.3 10.1-33.9 21.4-57.5 29 7.3-12.1 14.4-25.7 19.9-40.2l10.6-28.1-20.6-21.8C69.7 314.1 48 282.2 48 240c0-88.2 93.3-160 208-160s208 71.8 208 160-93.3 160-208 160z\"><\/path><\/svg>\t\t\t\t\t\t\t<\/span>\n\t\t\t\t\t\t\t\t\t<span class=\"elementor-icon-list-text elementor-post-info__item elementor-post-info__item--type-comments\">\n\t\t\t\t\t\t\t\t\t\tNo Comments\t\t\t\t\t<\/span>\n\t\t\t\t\t\t\t\t\t<\/a>\n\t\t\t\t<\/li>\n\t\t\t\t<\/ul>\n\t\t\t\t\t\t<\/div>\n\t\t\t\t<\/div>\n\t\t\t\t\t<\/div>\n\t\t<\/div>\n\t\t\t\t\t<\/div>\n\t\t<\/section>\n\t\t\t\t\t<\/div>\n\t\t<\/div>\n\t\t\t\t\t<\/div>\n\t\t<\/section>\n\t\t\t\t<section class=\"elementor-section elementor-top-section elementor-element elementor-element-51db084 elementor-section-boxed elementor-section-height-default elementor-section-height-default\" data-id=\"51db084\" data-element_type=\"section\">\n\t\t\t\t\t\t<div class=\"elementor-container elementor-column-gap-wider\">\n\t\t\t\t\t<div class=\"elementor-column elementor-col-50 elementor-top-column elementor-element elementor-element-47f2433\" data-id=\"47f2433\" data-element_type=\"column\">\n\t\t\t<div class=\"elementor-widget-wrap elementor-element-populated\">\n\t\t\t\t\t\t<section class=\"elementor-section elementor-inner-section elementor-element elementor-element-adf9ee7 elementor-section-boxed elementor-section-height-default elementor-section-height-default\" data-id=\"adf9ee7\" data-element_type=\"section\">\n\t\t\t\t\t\t<div class=\"elementor-container elementor-column-gap-no\">\n\t\t\t\t\t<div class=\"elementor-column elementor-col-100 elementor-inner-column elementor-element elementor-element-360d2e1\" data-id=\"360d2e1\" data-element_type=\"column\">\n\t\t\t<div class=\"elementor-widget-wrap elementor-element-populated\">\n\t\t\t\t\t\t<div class=\"elementor-element elementor-element-711987c elementor-widget__width-initial elementor-widget elementor-widget-text-editor\" data-id=\"711987c\" data-element_type=\"widget\" data-widget_type=\"text-editor.default\">\n\t\t\t\t<div class=\"elementor-widget-container\">\n\t\t\t\t\t\t\t\t\t<p style=\"text-align: center;\"><em>El Programa de formaci\u00f3n e intervenci\u00f3n musical en Frutillar fue posible gracias al financiamiento del Programa de Apoyo a Organizaciones Culturales Colaboradoras (PAOCC) del Ministerio de las Culturas, las Artes y el Patrimonio, lo que permite dar continuidad a espacios de formaci\u00f3n art\u00edstica en el territorio.<\/em><\/p><p>Con un concierto de cierre realizado en la Casa de la M\u00fasica, finaliz\u00f3 exitosamente una nueva edici\u00f3n de la Cl\u00ednica Musical FACH, iniciativa impulsada por la Corporaci\u00f3n Cultural Semanas Musicales de Frutillar en conjunto con la Fuerza A\u00e9rea de Chile, que durante una semana ofreci\u00f3 clases de perfeccionamiento instrumental, trabajo de luther\u00eda e intervenciones musicales en establecimientos educacionales de la comuna.<\/p><p>La instancia permiti\u00f3 que estudiantes profundizaron su formaci\u00f3n en instrumentos como clarinete, trompeta, tromb\u00f3n, saxof\u00f3n, flauta traversa y percusi\u00f3n, guiados por m\u00fasicos de la Banda Sinf\u00f3nica de la FACH. A ello se sum\u00f3 un meticuloso trabajo de luther\u00eda, orientado a la reparaci\u00f3n y mantenci\u00f3n de instrumentos de viento en distintos establecimientos donde se desarrollaron actividades formativas.<\/p><p>De manera paralela, los m\u00fasicos realizaron intervenciones en las escuelas rurales Nochaco y La Paz, as\u00ed como en las escuelas Claudio Matte y San Agust\u00edn de Frutillar, acercando la m\u00fasica a ni\u00f1os y j\u00f3venes, y reforzando su valor como herramienta formativa y de desarrollo integral.<\/p><p>El proceso culmin\u00f3 con un concierto de cierre que reuni\u00f3 en el escenario a estudiantes participantes de la cl\u00ednica musical, alumnos de la Casa de la M\u00fasica y m\u00fasicos de la Banda Sinf\u00f3nica de la FACH, en una presentaci\u00f3n que dio cuenta del trabajo realizado durante la semana y del impacto de este tipo de iniciativas en la formaci\u00f3n musical de las nuevas generaciones.<\/p><p>La alianza entre la Corporaci\u00f3n Cultural Semanas Musicales de Frutillar y la Fuerza A\u00e9rea de Chile se remonta a 2017, cuando ambas instituciones comenzaron a proyectar su trabajo conjunto m\u00e1s all\u00e1 de la tradicional temporada de verano, consolidando una colaboraci\u00f3n que ha permitido ampliar el acceso a la m\u00fasica en diversas comunidades.<\/p><p>Para el segundo semestre del 2026 se espera una nueva edici\u00f3n de este programa, cuyos detalles ser\u00e1n anunciados pr\u00f3ximamente.<\/p>\t\t\t\t\t\t\t\t<\/div>\n\t\t\t\t<\/div>\n\t\t\t\t\t<\/div>\n\t\t<\/div>\n\t\t\t\t\t<\/div>\n\t\t<\/section>\n\t\t\t\t<div class=\"elementor-element elementor-element-a6ffa92 elementor-widget elementor-widget-gallery\" data-id=\"a6ffa92\" data-element_type=\"widget\" data-settings=\"{&quot;columns&quot;:3,&quot;lazyload&quot;:&quot;yes&quot;,&quot;gallery_layout&quot;:&quot;grid&quot;,&quot;columns_tablet&quot;:2,&quot;columns_mobile&quot;:1,&quot;gap&quot;:{&quot;unit&quot;:&quot;px&quot;,&quot;size&quot;:10,&quot;sizes&quot;:[]},&quot;gap_tablet&quot;:{&quot;unit&quot;:&quot;px&quot;,&quot;size&quot;:10,&quot;sizes&quot;:[]},&quot;gap_mobile&quot;:{&quot;unit&quot;:&quot;px&quot;,&quot;size&quot;:10,&quot;sizes&quot;:[]},&quot;link_to&quot;:&quot;file&quot;,&quot;aspect_ratio&quot;:&quot;3:2&quot;,&quot;overlay_background&quot;:&quot;yes&quot;,&quot;content_hover_animation&quot;:&quot;fade-in&quot;}\" data-widget_type=\"gallery.default\">\n\t\t\t\t<div class=\"elementor-widget-container\">\n\t\t\t\t\t\t\t<div class=\"elementor-gallery__container\">\n\t\t\t\t\t\t\t<a class=\"e-gallery-item elementor-gallery-item elementor-animated-content\" href=\"https:\/\/semanasmusicales.cl\/wp-content\/uploads\/2026\/04\/IMG_3240-scaled.jpeg\" data-elementor-open-lightbox=\"yes\" data-elementor-lightbox-slideshow=\"a6ffa92\" data-elementor-lightbox-title=\"IMG_3240\" data-e-action-hash=\"#elementor-action%3Aaction%3Dlightbox%26settings%3DeyJpZCI6MzExNjEsInVybCI6Imh0dHBzOlwvXC9zZW1hbmFzbXVzaWNhbGVzLmNsXC93cC1jb250ZW50XC91cGxvYWRzXC8yMDI2XC8wNFwvSU1HXzMyNDAtc2NhbGVkLmpwZWciLCJzbGlkZXNob3ciOiJhNmZmYTkyIn0%3D\">\n\t\t\t\t\t<div class=\"e-gallery-image elementor-gallery-item__image\" data-thumbnail=\"https:\/\/semanasmusicales.cl\/wp-content\/uploads\/2026\/04\/IMG_3240-225x300.jpeg\" data-width=\"225\" data-height=\"300\" aria-label=\"\" role=\"img\" ><\/div>\n\t\t\t\t\t\t\t\t\t\t\t<div class=\"elementor-gallery-item__overlay\"><\/div>\n\t\t\t\t\t\t\t\t\t\t\t\t\t\t<\/a>\n\t\t\t\t\t\t\t<a class=\"e-gallery-item elementor-gallery-item elementor-animated-content\" href=\"https:\/\/semanasmusicales.cl\/wp-content\/uploads\/2026\/04\/20260422_161612-scaled.png\" data-elementor-open-lightbox=\"yes\" data-elementor-lightbox-slideshow=\"a6ffa92\" data-elementor-lightbox-title=\"20260422_161612\" data-e-action-hash=\"#elementor-action%3Aaction%3Dlightbox%26settings%3DeyJpZCI6MzExNjIsInVybCI6Imh0dHBzOlwvXC9zZW1hbmFzbXVzaWNhbGVzLmNsXC93cC1jb250ZW50XC91cGxvYWRzXC8yMDI2XC8wNFwvMjAyNjA0MjJfMTYxNjEyLXNjYWxlZC5wbmciLCJzbGlkZXNob3ciOiJhNmZmYTkyIn0%3D\">\n\t\t\t\t\t<div class=\"e-gallery-image elementor-gallery-item__image\" data-thumbnail=\"https:\/\/semanasmusicales.cl\/wp-content\/uploads\/2026\/04\/20260422_161612-225x300.png\" data-width=\"225\" data-height=\"300\" aria-label=\"\" role=\"img\" ><\/div>\n\t\t\t\t\t\t\t\t\t\t\t<div class=\"elementor-gallery-item__overlay\"><\/div>\n\t\t\t\t\t\t\t\t\t\t\t\t\t\t<\/a>\n\t\t\t\t\t\t\t<a class=\"e-gallery-item elementor-gallery-item elementor-animated-content\" href=\"https:\/\/semanasmusicales.cl\/wp-content\/uploads\/2026\/04\/IMG_3372-scaled.png\" data-elementor-open-lightbox=\"yes\" data-elementor-lightbox-slideshow=\"a6ffa92\" data-elementor-lightbox-title=\"IMG_3372\" data-e-action-hash=\"#elementor-action%3Aaction%3Dlightbox%26settings%3DeyJpZCI6MzExNjMsInVybCI6Imh0dHBzOlwvXC9zZW1hbmFzbXVzaWNhbGVzLmNsXC93cC1jb250ZW50XC91cGxvYWRzXC8yMDI2XC8wNFwvSU1HXzMzNzItc2NhbGVkLnBuZyIsInNsaWRlc2hvdyI6ImE2ZmZhOTIifQ%3D%3D\">\n\t\t\t\t\t<div class=\"e-gallery-image elementor-gallery-item__image\" data-thumbnail=\"https:\/\/semanasmusicales.cl\/wp-content\/uploads\/2026\/04\/IMG_3372-225x300.png\" data-width=\"225\" data-height=\"300\" aria-label=\"\" role=\"img\" ><\/div>\n\t\t\t\t\t\t\t\t\t\t\t<div class=\"elementor-gallery-item__overlay\"><\/div>\n\t\t\t\t\t\t\t\t\t\t\t\t\t\t<\/a>\n\t\t\t\t\t\t\t<a class=\"e-gallery-item elementor-gallery-item elementor-animated-content\" href=\"https:\/\/semanasmusicales.cl\/wp-content\/uploads\/2026\/04\/IMG_3412-scaled.png\" data-elementor-open-lightbox=\"yes\" data-elementor-lightbox-slideshow=\"a6ffa92\" data-elementor-lightbox-title=\"IMG_3412\" data-e-action-hash=\"#elementor-action%3Aaction%3Dlightbox%26settings%3DeyJpZCI6MzExNjQsInVybCI6Imh0dHBzOlwvXC9zZW1hbmFzbXVzaWNhbGVzLmNsXC93cC1jb250ZW50XC91cGxvYWRzXC8yMDI2XC8wNFwvSU1HXzM0MTItc2NhbGVkLnBuZyIsInNsaWRlc2hvdyI6ImE2ZmZhOTIifQ%3D%3D\">\n\t\t\t\t\t<div class=\"e-gallery-image elementor-gallery-item__image\" data-thumbnail=\"https:\/\/semanasmusicales.cl\/wp-content\/uploads\/2026\/04\/IMG_3412-225x300.png\" data-width=\"225\" data-height=\"300\" aria-label=\"\" role=\"img\" ><\/div>\n\t\t\t\t\t\t\t\t\t\t\t<div class=\"elementor-gallery-item__overlay\"><\/div>\n\t\t\t\t\t\t\t\t\t\t\t\t\t\t<\/a>\n\t\t\t\t\t\t\t<a class=\"e-gallery-item elementor-gallery-item elementor-animated-content\" href=\"https:\/\/semanasmusicales.cl\/wp-content\/uploads\/2026\/04\/IMG_3541-scaled.png\" data-elementor-open-lightbox=\"yes\" data-elementor-lightbox-slideshow=\"a6ffa92\" data-elementor-lightbox-title=\"IMG_3541\" data-e-action-hash=\"#elementor-action%3Aaction%3Dlightbox%26settings%3DeyJpZCI6MzExNjUsInVybCI6Imh0dHBzOlwvXC9zZW1hbmFzbXVzaWNhbGVzLmNsXC93cC1jb250ZW50XC91cGxvYWRzXC8yMDI2XC8wNFwvSU1HXzM1NDEtc2NhbGVkLnBuZyIsInNsaWRlc2hvdyI6ImE2ZmZhOTIifQ%3D%3D\">\n\t\t\t\t\t<div class=\"e-gallery-image elementor-gallery-item__image\" data-thumbnail=\"https:\/\/semanasmusicales.cl\/wp-content\/uploads\/2026\/04\/IMG_3541-300x225.png\" data-width=\"300\" data-height=\"225\" aria-label=\"\" role=\"img\" ><\/div>\n\t\t\t\t\t\t\t\t\t\t\t<div class=\"elementor-gallery-item__overlay\"><\/div>\n\t\t\t\t\t\t\t\t\t\t\t\t\t\t<\/a>\n\t\t\t\t\t\t\t<a class=\"e-gallery-item elementor-gallery-item elementor-animated-content\" href=\"https:\/\/semanasmusicales.cl\/wp-content\/uploads\/2026\/04\/IMG_3609-scaled.png\" data-elementor-open-lightbox=\"yes\" data-elementor-lightbox-slideshow=\"a6ffa92\" data-elementor-lightbox-title=\"IMG_3609\" data-e-action-hash=\"#elementor-action%3Aaction%3Dlightbox%26settings%3DeyJpZCI6MzExNjYsInVybCI6Imh0dHBzOlwvXC9zZW1hbmFzbXVzaWNhbGVzLmNsXC93cC1jb250ZW50XC91cGxvYWRzXC8yMDI2XC8wNFwvSU1HXzM2MDktc2NhbGVkLnBuZyIsInNsaWRlc2hvdyI6ImE2ZmZhOTIifQ%3D%3D\">\n\t\t\t\t\t<div class=\"e-gallery-image elementor-gallery-item__image\" data-thumbnail=\"https:\/\/semanasmusicales.cl\/wp-content\/uploads\/2026\/04\/IMG_3609-225x300.png\" data-width=\"225\" data-height=\"300\" aria-label=\"\" role=\"img\" ><\/div>\n\t\t\t\t\t\t\t\t\t\t\t<div class=\"elementor-gallery-item__overlay\"><\/div>\n\t\t\t\t\t\t\t\t\t\t\t\t\t\t<\/a>\n\t\t\t\t\t\t\t<a class=\"e-gallery-item elementor-gallery-item elementor-animated-content\" href=\"https:\/\/semanasmusicales.cl\/wp-content\/uploads\/2026\/04\/IMG_3644-scaled.png\" data-elementor-open-lightbox=\"yes\" data-elementor-lightbox-slideshow=\"a6ffa92\" data-elementor-lightbox-title=\"IMG_3644\" data-e-action-hash=\"#elementor-action%3Aaction%3Dlightbox%26settings%3DeyJpZCI6MzExNjcsInVybCI6Imh0dHBzOlwvXC9zZW1hbmFzbXVzaWNhbGVzLmNsXC93cC1jb250ZW50XC91cGxvYWRzXC8yMDI2XC8wNFwvSU1HXzM2NDQtc2NhbGVkLnBuZyIsInNsaWRlc2hvdyI6ImE2ZmZhOTIifQ%3D%3D\">\n\t\t\t\t\t<div class=\"e-gallery-image elementor-gallery-item__image\" data-thumbnail=\"https:\/\/semanasmusicales.cl\/wp-content\/uploads\/2026\/04\/IMG_3644-225x300.png\" data-width=\"225\" data-height=\"300\" aria-label=\"\" role=\"img\" ><\/div>\n\t\t\t\t\t\t\t\t\t\t\t<div class=\"elementor-gallery-item__overlay\"><\/div>\n\t\t\t\t\t\t\t\t\t\t\t\t\t\t<\/a>\n\t\t\t\t\t\t\t<a class=\"e-gallery-item elementor-gallery-item elementor-animated-content\" href=\"https:\/\/semanasmusicales.cl\/wp-content\/uploads\/2026\/04\/IMG_3688-scaled.png\" data-elementor-open-lightbox=\"yes\" data-elementor-lightbox-slideshow=\"a6ffa92\" data-elementor-lightbox-title=\"IMG_3688\" data-e-action-hash=\"#elementor-action%3Aaction%3Dlightbox%26settings%3DeyJpZCI6MzExNjgsInVybCI6Imh0dHBzOlwvXC9zZW1hbmFzbXVzaWNhbGVzLmNsXC93cC1jb250ZW50XC91cGxvYWRzXC8yMDI2XC8wNFwvSU1HXzM2ODgtc2NhbGVkLnBuZyIsInNsaWRlc2hvdyI6ImE2ZmZhOTIifQ%3D%3D\">\n\t\t\t\t\t<div class=\"e-gallery-image elementor-gallery-item__image\" data-thumbnail=\"https:\/\/semanasmusicales.cl\/wp-content\/uploads\/2026\/04\/IMG_3688-300x225.png\" data-width=\"300\" data-height=\"225\" aria-label=\"\" role=\"img\" ><\/div>\n\t\t\t\t\t\t\t\t\t\t\t<div class=\"elementor-gallery-item__overlay\"><\/div>\n\t\t\t\t\t\t\t\t\t\t\t\t\t\t<\/a>\n\t\t\t\t\t\t\t<a class=\"e-gallery-item elementor-gallery-item elementor-animated-content\" href=\"https:\/\/semanasmusicales.cl\/wp-content\/uploads\/2026\/04\/IMG_3793-scaled.png\" data-elementor-open-lightbox=\"yes\" data-elementor-lightbox-slideshow=\"a6ffa92\" data-elementor-lightbox-title=\"IMG_3793\" data-e-action-hash=\"#elementor-action%3Aaction%3Dlightbox%26settings%3DeyJpZCI6MzExNjksInVybCI6Imh0dHBzOlwvXC9zZW1hbmFzbXVzaWNhbGVzLmNsXC93cC1jb250ZW50XC91cGxvYWRzXC8yMDI2XC8wNFwvSU1HXzM3OTMtc2NhbGVkLnBuZyIsInNsaWRlc2hvdyI6ImE2ZmZhOTIifQ%3D%3D\">\n\t\t\t\t\t<div class=\"e-gallery-image elementor-gallery-item__image\" data-thumbnail=\"https:\/\/semanasmusicales.cl\/wp-content\/uploads\/2026\/04\/IMG_3793-300x225.png\" data-width=\"300\" data-height=\"225\" aria-label=\"\" role=\"img\" ><\/div>\n\t\t\t\t\t\t\t\t\t\t\t<div class=\"elementor-gallery-item__overlay\"><\/div>\n\t\t\t\t\t\t\t\t\t\t\t\t\t\t<\/a>\n\t\t\t\t\t\t\t<a class=\"e-gallery-item elementor-gallery-item elementor-animated-content\" href=\"https:\/\/semanasmusicales.cl\/wp-content\/uploads\/2026\/04\/WhatsApp-Image-2026-04-21-at-13.01.30-2.png\" data-elementor-open-lightbox=\"yes\" data-elementor-lightbox-slideshow=\"a6ffa92\" data-elementor-lightbox-title=\"WhatsApp Image 2026-04-21 at 13.01.30 (2)\" data-e-action-hash=\"#elementor-action%3Aaction%3Dlightbox%26settings%3DeyJpZCI6MzExNzAsInVybCI6Imh0dHBzOlwvXC9zZW1hbmFzbXVzaWNhbGVzLmNsXC93cC1jb250ZW50XC91cGxvYWRzXC8yMDI2XC8wNFwvV2hhdHNBcHAtSW1hZ2UtMjAyNi0wNC0yMS1hdC0xMy4wMS4zMC0yLnBuZyIsInNsaWRlc2hvdyI6ImE2ZmZhOTIifQ%3D%3D\">\n\t\t\t\t\t<div class=\"e-gallery-image elementor-gallery-item__image\" data-thumbnail=\"https:\/\/semanasmusicales.cl\/wp-content\/uploads\/2026\/04\/WhatsApp-Image-2026-04-21-at-13.01.30-2-225x300.png\" data-width=\"225\" data-height=\"300\" aria-label=\"\" role=\"img\" ><\/div>\n\t\t\t\t\t\t\t\t\t\t\t<div class=\"elementor-gallery-item__overlay\"><\/div>\n\t\t\t\t\t\t\t\t\t\t\t\t\t\t<\/a>\n\t\t\t\t\t\t\t<a class=\"e-gallery-item elementor-gallery-item elementor-animated-content\" href=\"https:\/\/semanasmusicales.cl\/wp-content\/uploads\/2026\/04\/portada-noticia-1-scaled.png\" data-elementor-open-lightbox=\"yes\" data-elementor-lightbox-slideshow=\"a6ffa92\" data-elementor-lightbox-title=\"portada noticia\" data-e-action-hash=\"#elementor-action%3Aaction%3Dlightbox%26settings%3DeyJpZCI6MzExNzEsInVybCI6Imh0dHBzOlwvXC9zZW1hbmFzbXVzaWNhbGVzLmNsXC93cC1jb250ZW50XC91cGxvYWRzXC8yMDI2XC8wNFwvcG9ydGFkYS1ub3RpY2lhLTEtc2NhbGVkLnBuZyIsInNsaWRlc2hvdyI6ImE2ZmZhOTIifQ%3D%3D\">\n\t\t\t\t\t<div class=\"e-gallery-image elementor-gallery-item__image\" data-thumbnail=\"https:\/\/semanasmusicales.cl\/wp-content\/uploads\/2026\/04\/portada-noticia-1-300x225.png\" data-width=\"300\" data-height=\"225\" aria-label=\"\" role=\"img\" ><\/div>\n\t\t\t\t\t\t\t\t\t\t\t<div class=\"elementor-gallery-item__overlay\"><\/div>\n\t\t\t\t\t\t\t\t\t\t\t\t\t\t<\/a>\n\t\t\t\t\t<\/div>\n\t\t\t\t\t<\/div>\n\t\t\t\t<\/div>\n\t\t\t\t\t<\/div>\n\t\t<\/div>\n\t\t\t\t<div class=\"elementor-column elementor-col-50 elementor-top-column elementor-element elementor-element-ac44bb0\" data-id=\"ac44bb0\" data-element_type=\"column\">\n\t\t\t<div class=\"elementor-widget-wrap elementor-element-populated\">\n\t\t\t\t\t\t<section class=\"elementor-section elementor-inner-section elementor-element elementor-element-de3512a elementor-section-boxed elementor-section-height-default elementor-section-height-default\" data-id=\"de3512a\" data-element_type=\"section\" data-settings=\"{&quot;background_background&quot;:&quot;classic&quot;}\">\n\t\t\t\t\t\t<div class=\"elementor-container elementor-column-gap-wider\">\n\t\t\t\t\t<div class=\"elementor-column elementor-col-100 elementor-inner-column elementor-element elementor-element-ba820ae\" data-id=\"ba820ae\" data-element_type=\"column\">\n\t\t\t<div class=\"elementor-widget-wrap elementor-element-populated\">\n\t\t\t\t\t\t<div class=\"elementor-element elementor-element-24e60c7 elementor-widget-divider--view-line_text elementor-widget-divider--element-align-left elementor-widget elementor-widget-divider\" data-id=\"24e60c7\" data-element_type=\"widget\" data-widget_type=\"divider.default\">\n\t\t\t\t<div class=\"elementor-widget-container\">\n\t\t\t\t\t\t\t<div class=\"elementor-divider\">\n\t\t\t<span class=\"elementor-divider-separator\">\n\t\t\t\t\t\t\t<span class=\"elementor-divider__text elementor-divider__element\">\n\t\t\t\tmas nuevos\t\t\t\t<\/span>\n\t\t\t\t\t\t<\/span>\n\t\t<\/div>\n\t\t\t\t\t\t<\/div>\n\t\t\t\t<\/div>\n\t\t\t\t<div class=\"elementor-element elementor-element-ef97aac elementor-grid-1 elementor-posts--thumbnail-left elementor-grid-tablet-2 elementor-grid-mobile-1 elementor-widget elementor-widget-posts\" data-id=\"ef97aac\" data-element_type=\"widget\" data-settings=\"{&quot;classic_columns&quot;:&quot;1&quot;,&quot;classic_row_gap&quot;:{&quot;unit&quot;:&quot;px&quot;,&quot;size&quot;:16,&quot;sizes&quot;:[]},&quot;classic_columns_tablet&quot;:&quot;2&quot;,&quot;classic_columns_mobile&quot;:&quot;1&quot;,&quot;classic_row_gap_tablet&quot;:{&quot;unit&quot;:&quot;px&quot;,&quot;size&quot;:&quot;&quot;,&quot;sizes&quot;:[]},&quot;classic_row_gap_mobile&quot;:{&quot;unit&quot;:&quot;px&quot;,&quot;size&quot;:&quot;&quot;,&quot;sizes&quot;:[]}}\" data-widget_type=\"posts.classic\">\n\t\t\t\t<div class=\"elementor-widget-container\">\n\t\t\t\t\t\t\t<div class=\"elementor-posts-container elementor-posts elementor-posts--skin-classic elementor-grid\" role=\"list\">\n\t\t\t\t<article class=\"elementor-post elementor-grid-item post-31158 post type-post status-publish format-standard has-post-thumbnail hentry category-61 category-temporada-2026\" role=\"listitem\">\n\t\t\t\t<a class=\"elementor-post__thumbnail__link\" href=\"https:\/\/semanasmusicales.cl\/index.php\/2026\/04\/27\/frutillar-cerro-con-concierto-la-clinica-musical-fach-tras-una-semana-de-formacion-e-intervenciones-en-la-comunidad\/\" tabindex=\"-1\" >\n\t\t\t<div class=\"elementor-post__thumbnail\"><img fetchpriority=\"high\" decoding=\"async\" width=\"300\" height=\"225\" src=\"https:\/\/semanasmusicales.cl\/wp-content\/uploads\/2026\/04\/portada-noticia-300x225.png\" class=\"attachment-medium size-medium wp-image-31160\" alt=\"\" srcset=\"https:\/\/semanasmusicales.cl\/wp-content\/uploads\/2026\/04\/portada-noticia-300x225.png 300w, https:\/\/semanasmusicales.cl\/wp-content\/uploads\/2026\/04\/portada-noticia-1024x768.png 1024w, https:\/\/semanasmusicales.cl\/wp-content\/uploads\/2026\/04\/portada-noticia-768x576.png 768w, https:\/\/semanasmusicales.cl\/wp-content\/uploads\/2026\/04\/portada-noticia-1536x1152.png 1536w, https:\/\/semanasmusicales.cl\/wp-content\/uploads\/2026\/04\/portada-noticia-2048x1536.png 2048w\" sizes=\"(max-width: 300px) 100vw, 300px\" \/><\/div>\n\t\t<\/a>\n\t\t\t\t<div class=\"elementor-post__text\">\n\t\t\t\t<h3 class=\"elementor-post__title\">\n\t\t\t<a href=\"https:\/\/semanasmusicales.cl\/index.php\/2026\/04\/27\/frutillar-cerro-con-concierto-la-clinica-musical-fach-tras-una-semana-de-formacion-e-intervenciones-en-la-comunidad\/\" >\n\t\t\t\tFrutillar cerr\u00f3 con concierto la \u201cCl\u00ednica Musical FACH\u201d tras una semana de formaci\u00f3n e intervenciones en la comunidad\t\t\t<\/a>\n\t\t<\/h3>\n\t\t\t\t<\/div>\n\t\t\t\t<\/article>\n\t\t\t\t<article class=\"elementor-post elementor-grid-item post-31091 post type-post status-publish format-standard has-post-thumbnail hentry category-temporada-2026\" role=\"listitem\">\n\t\t\t\t<a class=\"elementor-post__thumbnail__link\" href=\"https:\/\/semanasmusicales.cl\/index.php\/2026\/04\/10\/semanas-musicales-de-frutillar-inicia-programa-voces-contalleres-de-canto-coral-en-escuelas-rurales-de-la-comuna\/\" tabindex=\"-1\" >\n\t\t\t<div class=\"elementor-post__thumbnail\"><img decoding=\"async\" width=\"300\" height=\"225\" src=\"https:\/\/semanasmusicales.cl\/wp-content\/uploads\/2026\/04\/WhatsApp-Image-2026-04-10-at-12.04.41-300x225.jpeg\" class=\"attachment-medium size-medium wp-image-31092\" alt=\"\" srcset=\"https:\/\/semanasmusicales.cl\/wp-content\/uploads\/2026\/04\/WhatsApp-Image-2026-04-10-at-12.04.41-300x225.jpeg 300w, https:\/\/semanasmusicales.cl\/wp-content\/uploads\/2026\/04\/WhatsApp-Image-2026-04-10-at-12.04.41-1024x768.jpeg 1024w, https:\/\/semanasmusicales.cl\/wp-content\/uploads\/2026\/04\/WhatsApp-Image-2026-04-10-at-12.04.41-768x576.jpeg 768w, https:\/\/semanasmusicales.cl\/wp-content\/uploads\/2026\/04\/WhatsApp-Image-2026-04-10-at-12.04.41.jpeg 1280w\" sizes=\"(max-width: 300px) 100vw, 300px\" \/><\/div>\n\t\t<\/a>\n\t\t\t\t<div class=\"elementor-post__text\">\n\t\t\t\t<h3 class=\"elementor-post__title\">\n\t\t\t<a href=\"https:\/\/semanasmusicales.cl\/index.php\/2026\/04\/10\/semanas-musicales-de-frutillar-inicia-programa-voces-contalleres-de-canto-coral-en-escuelas-rurales-de-la-comuna\/\" >\n\t\t\t\tSemanas Musicales de Frutillar inicia programa \u201cVoces\u201d contalleres de canto coral en escuelas rurales de la comuna\t\t\t<\/a>\n\t\t<\/h3>\n\t\t\t\t<\/div>\n\t\t\t\t<\/article>\n\t\t\t\t<article class=\"elementor-post elementor-grid-item post-31058 post type-post status-publish format-standard has-post-thumbnail hentry category-temporada-2026\" role=\"listitem\">\n\t\t\t\t<a class=\"elementor-post__thumbnail__link\" href=\"https:\/\/semanasmusicales.cl\/index.php\/2026\/03\/30\/semanas-musicales-de-frutillar-celebro-el-dia-del-piano\/\" tabindex=\"-1\" >\n\t\t\t<div class=\"elementor-post__thumbnail\"><img decoding=\"async\" width=\"300\" height=\"173\" src=\"https:\/\/semanasmusicales.cl\/wp-content\/uploads\/2026\/03\/IMG_2886-1-scaled-e1774885658899-300x173.jpeg\" class=\"attachment-medium size-medium wp-image-31089\" alt=\"\" srcset=\"https:\/\/semanasmusicales.cl\/wp-content\/uploads\/2026\/03\/IMG_2886-1-scaled-e1774885658899-300x173.jpeg 300w, https:\/\/semanasmusicales.cl\/wp-content\/uploads\/2026\/03\/IMG_2886-1-scaled-e1774885658899-1024x590.jpeg 1024w, https:\/\/semanasmusicales.cl\/wp-content\/uploads\/2026\/03\/IMG_2886-1-scaled-e1774885658899-768x443.jpeg 768w, https:\/\/semanasmusicales.cl\/wp-content\/uploads\/2026\/03\/IMG_2886-1-scaled-e1774885658899-1536x885.jpeg 1536w, https:\/\/semanasmusicales.cl\/wp-content\/uploads\/2026\/03\/IMG_2886-1-scaled-e1774885658899.jpeg 1570w\" sizes=\"(max-width: 300px) 100vw, 300px\" \/><\/div>\n\t\t<\/a>\n\t\t\t\t<div class=\"elementor-post__text\">\n\t\t\t\t<h3 class=\"elementor-post__title\">\n\t\t\t<a href=\"https:\/\/semanasmusicales.cl\/index.php\/2026\/03\/30\/semanas-musicales-de-frutillar-celebro-el-dia-del-piano\/\" >\n\t\t\t\tSEMANAS MUSICALES DE FRUTILLAR CELEBR\u00d3 EL D\u00cdA DEL PIANO\t\t\t<\/a>\n\t\t<\/h3>\n\t\t\t\t<\/div>\n\t\t\t\t<\/article>\n\t\t\t\t<\/div>\n\t\t\n\t\t\t\t\t\t<\/div>\n\t\t\t\t<\/div>\n\t\t\t\t<div class=\"elementor-element elementor-element-146a869 elementor-widget-divider--view-line_text elementor-widget-divider--element-align-left elementor-widget elementor-widget-divider\" data-id=\"146a869\" data-element_type=\"widget\" data-widget_type=\"divider.default\">\n\t\t\t\t<div class=\"elementor-widget-container\">\n\t\t\t\t\t\t\t<div class=\"elementor-divider\">\n\t\t\t<span class=\"elementor-divider-separator\">\n\t\t\t\t\t\t\t<span class=\"elementor-divider__text elementor-divider__element\">\n\t\t\t\tgaleria\t\t\t\t<\/span>\n\t\t\t\t\t\t<\/span>\n\t\t<\/div>\n\t\t\t\t\t\t<\/div>\n\t\t\t\t<\/div>\n\t\t\t\t<div class=\"elementor-element elementor-element-25c8b9f elementor-widget elementor-widget-gallery\" data-id=\"25c8b9f\" data-element_type=\"widget\" data-settings=\"{&quot;gallery_layout&quot;:&quot;justified&quot;,&quot;ideal_row_height&quot;:{&quot;unit&quot;:&quot;px&quot;,&quot;size&quot;:152,&quot;sizes&quot;:[]},&quot;lazyload&quot;:&quot;yes&quot;,&quot;ideal_row_height_tablet&quot;:{&quot;unit&quot;:&quot;px&quot;,&quot;size&quot;:150,&quot;sizes&quot;:[]},&quot;ideal_row_height_mobile&quot;:{&quot;unit&quot;:&quot;px&quot;,&quot;size&quot;:150,&quot;sizes&quot;:[]},&quot;gap&quot;:{&quot;unit&quot;:&quot;px&quot;,&quot;size&quot;:10,&quot;sizes&quot;:[]},&quot;gap_tablet&quot;:{&quot;unit&quot;:&quot;px&quot;,&quot;size&quot;:10,&quot;sizes&quot;:[]},&quot;gap_mobile&quot;:{&quot;unit&quot;:&quot;px&quot;,&quot;size&quot;:10,&quot;sizes&quot;:[]},&quot;link_to&quot;:&quot;file&quot;,&quot;overlay_background&quot;:&quot;yes&quot;,&quot;content_hover_animation&quot;:&quot;fade-in&quot;}\" data-widget_type=\"gallery.default\">\n\t\t\t\t<div class=\"elementor-widget-container\">\n\t\t\t\t\t\t\t<div class=\"elementor-gallery__container\">\n\t\t\t\t\t\t\t<a class=\"e-gallery-item elementor-gallery-item elementor-animated-content\" href=\"https:\/\/semanasmusicales.cl\/wp-content\/uploads\/2025\/04\/WhatsApp-Image-2025-03-25-at-3.50.32-PM-thegem-blog-default.jpeg\" data-elementor-open-lightbox=\"yes\" data-elementor-lightbox-slideshow=\"25c8b9f\" data-elementor-lightbox-title=\"WhatsApp-Image-2025-03-25-at-3.50.32-PM-thegem-blog-default\" data-e-action-hash=\"#elementor-action%3Aaction%3Dlightbox%26settings%3DeyJpZCI6Mjc3ODIsInVybCI6Imh0dHBzOlwvXC9zZW1hbmFzbXVzaWNhbGVzLmNsXC93cC1jb250ZW50XC91cGxvYWRzXC8yMDI1XC8wNFwvV2hhdHNBcHAtSW1hZ2UtMjAyNS0wMy0yNS1hdC0zLjUwLjMyLVBNLXRoZWdlbS1ibG9nLWRlZmF1bHQuanBlZyIsInNsaWRlc2hvdyI6IjI1YzhiOWYifQ%3D%3D\">\n\t\t\t\t\t<div class=\"e-gallery-image elementor-gallery-item__image\" data-thumbnail=\"https:\/\/semanasmusicales.cl\/wp-content\/uploads\/2025\/04\/WhatsApp-Image-2025-03-25-at-3.50.32-PM-thegem-blog-default-300x138.jpeg\" data-width=\"300\" data-height=\"138\" aria-label=\"\" role=\"img\" ><\/div>\n\t\t\t\t\t\t\t\t\t\t\t<div class=\"elementor-gallery-item__overlay\"><\/div>\n\t\t\t\t\t\t\t\t\t\t\t\t\t\t<\/a>\n\t\t\t\t\t\t\t<a class=\"e-gallery-item elementor-gallery-item elementor-animated-content\" href=\"https:\/\/semanasmusicales.cl\/wp-content\/uploads\/2025\/03\/c528da3f-b68f-4ea0-a085-3acf2ae1f113-scaled-1.jpg\" data-elementor-open-lightbox=\"yes\" data-elementor-lightbox-slideshow=\"25c8b9f\" data-elementor-lightbox-title=\"c528da3f-b68f-4ea0-a085-3acf2ae1f113\" data-e-action-hash=\"#elementor-action%3Aaction%3Dlightbox%26settings%3DeyJpZCI6MjcwNjAsInVybCI6Imh0dHBzOlwvXC9zZW1hbmFzbXVzaWNhbGVzLmNsXC93cC1jb250ZW50XC91cGxvYWRzXC8yMDI1XC8wM1wvYzUyOGRhM2YtYjY4Zi00ZWEwLWEwODUtM2FjZjJhZTFmMTEzLXNjYWxlZC0xLmpwZyIsInNsaWRlc2hvdyI6IjI1YzhiOWYifQ%3D%3D\">\n\t\t\t\t\t<div class=\"e-gallery-image elementor-gallery-item__image\" data-thumbnail=\"https:\/\/semanasmusicales.cl\/wp-content\/uploads\/2025\/03\/c528da3f-b68f-4ea0-a085-3acf2ae1f113-scaled-1-300x225.jpg\" data-width=\"300\" data-height=\"225\" aria-label=\"\" role=\"img\" ><\/div>\n\t\t\t\t\t\t\t\t\t\t\t<div class=\"elementor-gallery-item__overlay\"><\/div>\n\t\t\t\t\t\t\t\t\t\t\t\t\t\t<\/a>\n\t\t\t\t\t\t\t<a class=\"e-gallery-item elementor-gallery-item elementor-animated-content\" href=\"https:\/\/semanasmusicales.cl\/wp-content\/uploads\/2025\/03\/DSC_9899-scaled.jpg\" data-elementor-open-lightbox=\"yes\" data-elementor-lightbox-slideshow=\"25c8b9f\" data-elementor-lightbox-title=\"DSC_9899\" data-e-action-hash=\"#elementor-action%3Aaction%3Dlightbox%26settings%3DeyJpZCI6ODIzLCJ1cmwiOiJodHRwczpcL1wvc2VtYW5hc211c2ljYWxlcy5jbFwvd3AtY29udGVudFwvdXBsb2Fkc1wvMjAyNVwvMDNcL0RTQ185ODk5LXNjYWxlZC5qcGciLCJzbGlkZXNob3ciOiIyNWM4YjlmIn0%3D\">\n\t\t\t\t\t<div class=\"e-gallery-image elementor-gallery-item__image\" data-thumbnail=\"https:\/\/semanasmusicales.cl\/wp-content\/uploads\/2025\/03\/DSC_9899-300x200.jpg\" data-width=\"300\" data-height=\"200\" aria-label=\"\" role=\"img\" ><\/div>\n\t\t\t\t\t\t\t\t\t\t\t<div class=\"elementor-gallery-item__overlay\"><\/div>\n\t\t\t\t\t\t\t\t\t\t\t\t\t\t<\/a>\n\t\t\t\t\t<\/div>\n\t\t\t\t\t<\/div>\n\t\t\t\t<\/div>\n\t\t\t\t<div class=\"elementor-element elementor-element-9290faf elementor-widget-divider--view-line_text elementor-widget-divider--element-align-left elementor-widget elementor-widget-divider\" data-id=\"9290faf\" data-element_type=\"widget\" data-widget_type=\"divider.default\">\n\t\t\t\t<div class=\"elementor-widget-container\">\n\t\t\t\t\t\t\t<div class=\"elementor-divider\">\n\t\t\t<span class=\"elementor-divider-separator\">\n\t\t\t\t\t\t\t<span class=\"elementor-divider__text elementor-divider__element\">\n\t\t\t\ts\u00edguenos!\t\t\t\t<\/span>\n\t\t\t\t\t\t<\/span>\n\t\t<\/div>\n\t\t\t\t\t\t<\/div>\n\t\t\t\t<\/div>\n\t\t\t\t<div class=\"elementor-element elementor-element-65d853f elementor-shape-circle e-grid-align-left elementor-grid-0 elementor-widget elementor-widget-social-icons\" data-id=\"65d853f\" data-element_type=\"widget\" data-widget_type=\"social-icons.default\">\n\t\t\t\t<div class=\"elementor-widget-container\">\n\t\t\t\t\t\t\t<div class=\"elementor-social-icons-wrapper elementor-grid\" role=\"list\">\n\t\t\t\t\t\t\t<span class=\"elementor-grid-item\" role=\"listitem\">\n\t\t\t\t\t<a class=\"elementor-icon elementor-social-icon elementor-social-icon-facebook elementor-repeater-item-78b0c1d\" target=\"_blank\">\n\t\t\t\t\t\t<span class=\"elementor-screen-only\">Facebook<\/span>\n\t\t\t\t\t\t<svg aria-hidden=\"true\" class=\"e-font-icon-svg e-fab-facebook\" viewBox=\"0 0 512 512\" xmlns=\"http:\/\/www.w3.org\/2000\/svg\"><path d=\"M504 256C504 119 393 8 256 8S8 119 8 256c0 123.78 90.69 226.38 209.25 245V327.69h-63V256h63v-54.64c0-62.15 37-96.48 93.67-96.48 27.14 0 55.52 4.84 55.52 4.84v61h-31.28c-30.8 0-40.41 19.12-40.41 38.73V256h68.78l-11 71.69h-57.78V501C413.31 482.38 504 379.78 504 256z\"><\/path><\/svg>\t\t\t\t\t<\/a>\n\t\t\t\t<\/span>\n\t\t\t\t\t\t\t<span class=\"elementor-grid-item\" role=\"listitem\">\n\t\t\t\t\t<a class=\"elementor-icon elementor-social-icon elementor-social-icon-twitter elementor-repeater-item-6853a6d\" target=\"_blank\">\n\t\t\t\t\t\t<span class=\"elementor-screen-only\">Twitter<\/span>\n\t\t\t\t\t\t<svg aria-hidden=\"true\" class=\"e-font-icon-svg e-fab-twitter\" viewBox=\"0 0 512 512\" xmlns=\"http:\/\/www.w3.org\/2000\/svg\"><path d=\"M459.37 151.716c.325 4.548.325 9.097.325 13.645 0 138.72-105.583 298.558-298.558 298.558-59.452 0-114.68-17.219-161.137-47.106 8.447.974 16.568 1.299 25.34 1.299 49.055 0 94.213-16.568 130.274-44.832-46.132-.975-84.792-31.188-98.112-72.772 6.498.974 12.995 1.624 19.818 1.624 9.421 0 18.843-1.3 27.614-3.573-48.081-9.747-84.143-51.98-84.143-102.985v-1.299c13.969 7.797 30.214 12.67 47.431 13.319-28.264-18.843-46.781-51.005-46.781-87.391 0-19.492 5.197-37.36 14.294-52.954 51.655 63.675 129.3 105.258 216.365 109.807-1.624-7.797-2.599-15.918-2.599-24.04 0-57.828 46.782-104.934 104.934-104.934 30.213 0 57.502 12.67 76.67 33.137 23.715-4.548 46.456-13.32 66.599-25.34-7.798 24.366-24.366 44.833-46.132 57.827 21.117-2.273 41.584-8.122 60.426-16.243-14.292 20.791-32.161 39.308-52.628 54.253z\"><\/path><\/svg>\t\t\t\t\t<\/a>\n\t\t\t\t<\/span>\n\t\t\t\t\t\t\t<span class=\"elementor-grid-item\" role=\"listitem\">\n\t\t\t\t\t<a class=\"elementor-icon elementor-social-icon elementor-social-icon-youtube elementor-repeater-item-93d9430\" target=\"_blank\">\n\t\t\t\t\t\t<span class=\"elementor-screen-only\">Youtube<\/span>\n\t\t\t\t\t\t<svg aria-hidden=\"true\" class=\"e-font-icon-svg e-fab-youtube\" viewBox=\"0 0 576 512\" xmlns=\"http:\/\/www.w3.org\/2000\/svg\"><path d=\"M549.655 124.083c-6.281-23.65-24.787-42.276-48.284-48.597C458.781 64 288 64 288 64S117.22 64 74.629 75.486c-23.497 6.322-42.003 24.947-48.284 48.597-11.412 42.867-11.412 132.305-11.412 132.305s0 89.438 11.412 132.305c6.281 23.65 24.787 41.5 48.284 47.821C117.22 448 288 448 288 448s170.78 0 213.371-11.486c23.497-6.321 42.003-24.171 48.284-47.821 11.412-42.867 11.412-132.305 11.412-132.305s0-89.438-11.412-132.305zm-317.51 213.508V175.185l142.739 81.205-142.739 81.201z\"><\/path><\/svg>\t\t\t\t\t<\/a>\n\t\t\t\t<\/span>\n\t\t\t\t\t\t\t<span class=\"elementor-grid-item\" role=\"listitem\">\n\t\t\t\t\t<a class=\"elementor-icon elementor-social-icon elementor-social-icon-instagram elementor-repeater-item-fc823a4\" target=\"_blank\">\n\t\t\t\t\t\t<span class=\"elementor-screen-only\">Instagram<\/span>\n\t\t\t\t\t\t<svg aria-hidden=\"true\" class=\"e-font-icon-svg e-fab-instagram\" viewBox=\"0 0 448 512\" xmlns=\"http:\/\/www.w3.org\/2000\/svg\"><path d=\"M224.1 141c-63.6 0-114.9 51.3-114.9 114.9s51.3 114.9 114.9 114.9S339 319.5 339 255.9 287.7 141 224.1 141zm0 189.6c-41.1 0-74.7-33.5-74.7-74.7s33.5-74.7 74.7-74.7 74.7 33.5 74.7 74.7-33.6 74.7-74.7 74.7zm146.4-194.3c0 14.9-12 26.8-26.8 26.8-14.9 0-26.8-12-26.8-26.8s12-26.8 26.8-26.8 26.8 12 26.8 26.8zm76.1 27.2c-1.7-35.9-9.9-67.7-36.2-93.9-26.2-26.2-58-34.4-93.9-36.2-37-2.1-147.9-2.1-184.9 0-35.8 1.7-67.6 9.9-93.9 36.1s-34.4 58-36.2 93.9c-2.1 37-2.1 147.9 0 184.9 1.7 35.9 9.9 67.7 36.2 93.9s58 34.4 93.9 36.2c37 2.1 147.9 2.1 184.9 0 35.9-1.7 67.7-9.9 93.9-36.2 26.2-26.2 34.4-58 36.2-93.9 2.1-37 2.1-147.8 0-184.8zM398.8 388c-7.8 19.6-22.9 34.7-42.6 42.6-29.5 11.7-99.5 9-132.1 9s-102.7 2.6-132.1-9c-19.6-7.8-34.7-22.9-42.6-42.6-11.7-29.5-9-99.5-9-132.1s-2.6-102.7 9-132.1c7.8-19.6 22.9-34.7 42.6-42.6 29.5-11.7 99.5-9 132.1-9s102.7-2.6 132.1 9c19.6 7.8 34.7 22.9 42.6 42.6 11.7 29.5 9 99.5 9 132.1s2.7 102.7-9 132.1z\"><\/path><\/svg>\t\t\t\t\t<\/a>\n\t\t\t\t<\/span>\n\t\t\t\t\t<\/div>\n\t\t\t\t\t\t<\/div>\n\t\t\t\t<\/div>\n\t\t\t\t\t<\/div>\n\t\t<\/div>\n\t\t\t\t\t<\/div>\n\t\t<\/section>\n\t\t\t\t\t<\/div>\n\t\t<\/div>\n\t\t\t\t\t<\/div>\n\t\t<\/section>\n\t\t\t\t<\/div>\n\t\t","protected":false},"excerpt":{"rendered":"<p>Frutillar cerr\u00f3 con concierto la \u201cCl\u00ednica Musical FACH\u201d tras una semana de formaci\u00f3n e intervenciones en la comunidad El Programa de formaci\u00f3n e intervenci\u00f3n musical<\/p>\n","protected":false},"author":1,"featured_media":31160,"comment_status":"open","ping_status":"open","sticky":false,"template":"","format":"standard","meta":{"footnotes":""},"categories":[61,60],"tags":[],"class_list":["post-31158","post","type-post","status-publish","format-standard","has-post-thumbnail","hentry","category-61","category-temporada-2026"],"_links":{"self":[{"href":"https:\/\/semanasmusicales.cl\/index.php\/wp-json\/wp\/v2\/posts\/31158","targetHints":{"allow":["GET"]}}],"collection":[{"href":"https:\/\/semanasmusicales.cl\/index.php\/wp-json\/wp\/v2\/posts"}],"about":[{"href":"https:\/\/semanasmusicales.cl\/index.php\/wp-json\/wp\/v2\/types\/post"}],"author":[{"embeddable":true,"href":"https:\/\/semanasmusicales.cl\/index.php\/wp-json\/wp\/v2\/users\/1"}],"replies":[{"embeddable":true,"href":"https:\/\/semanasmusicales.cl\/index.php\/wp-json\/wp\/v2\/comments?post=31158"}],"version-history":[{"count":4,"href":"https:\/\/semanasmusicales.cl\/index.php\/wp-json\/wp\/v2\/posts\/31158\/revisions"}],"predecessor-version":[{"id":31174,"href":"https:\/\/semanasmusicales.cl\/index.php\/wp-json\/wp\/v2\/posts\/31158\/revisions\/31174"}],"wp:featuredmedia":[{"embeddable":true,"href":"https:\/\/semanasmusicales.cl\/index.php\/wp-json\/wp\/v2\/media\/31160"}],"wp:attachment":[{"href":"https:\/\/semanasmusicales.cl\/index.php\/wp-json\/wp\/v2\/media?parent=31158"}],"wp:term":[{"taxonomy":"category","embeddable":true,"href":"https:\/\/semanasmusicales.cl\/index.php\/wp-json\/wp\/v2\/categories?post=31158"},{"taxonomy":"post_tag","embeddable":true,"href":"https:\/\/semanasmusicales.cl\/index.php\/wp-json\/wp\/v2\/tags?post=31158"}],"curies":[{"name":"wp","href":"https:\/\/api.w.org\/{rel}","templated":true}]}}